{"id":37314,"date":"2018-07-09T22:15:09","date_gmt":"2018-07-09T22:15:09","guid":{"rendered":"http:\/\/canmiquelrestaurant.com\/?p=37314\/"},"modified":"2018-07-09T22:15:09","modified_gmt":"2018-07-09T22:15:09","slug":"67eme-fete-notre-dame-du-mont-carmel","status":"publish","type":"post","link":"https:\/\/canmiquelrestaurant.com\/fr\/blog\/67eme-fete-notre-dame-du-mont-carmel\/","title":{"rendered":"67\u00e8me F\u00eate de Notre-Dame du Mont-Carmel"},"content":{"rendered":"<p>L&rsquo;Escala est un village qui d\u00e9borde de vie toute l&rsquo;ann\u00e9e, et les quelques<strong> 600 activit\u00e9s<\/strong> programm\u00e9es tous les ans, certaines desquelles sont issues d&rsquo;une longue tradition, en sont la preuve. Une des plus traditionnelles parmi celles-ci est la <strong>F\u00eate du Mont-Carmel<\/strong>. Elle a lieu le 16 juillet, et elle inclut des \u00e9v\u00e8nements tels que la procession sur mer avec l&rsquo;image de Notre-Dame du Mont-Carmel.<\/p>\n<p><strong>Le programme de la f\u00eate<\/strong><\/p>\n<p>Le coup de d\u00e9part de la F\u00eate de Notre-Dame du Mont-Carmel a lieu \u00e0 dix heures du matin avec la pr\u00e9sentation du tapis de sel devant l&rsquo;\u00e9glise. C&rsquo;est \u00e0 ce moment que la procession sur mer qui transporte l&rsquo;image de Notre-Dame du Mont-Carmel du Port de la Clota jusqu&rsquo;\u00e0 la plage commence.<\/p>\n<p>\u00c0 partir d&rsquo;onze heures vous pourrez voir l&rsquo;arriv\u00e9e du bateau \u00e0 rames su centre sportif et r\u00e9cr\u00e9atif \u00e0 l&rsquo;ancien port de la plage pour recevoir Notre-Dame du Mont-Carmel. Le bateau de croisi\u00e8re Mare Nostrum, transportant Notre-Dame du Mont-Carmel et les matelots, fera son arriv\u00e9e au port de la plage un quart d&rsquo;heure plus tard.<\/p>\n<p>C&rsquo;est \u00e0 partir d&rsquo;ici que la procession partira depuis la plage accompagn\u00e9e d&rsquo;une orchestre afin de se rendre \u00e0 l&rsquo;\u00e9glise pour y c\u00e9l\u00e9brer la l&rsquo;eucharistie. Une fois la messe conclue, trois sardanes seront jou\u00e9es sur la place de l&rsquo;\u00e9glise par la Cobla Costa Brava, suivies d&rsquo;un repas de fraternit\u00e9.<\/p>\n<p>A dix heures du soir, un bal sur la plage avec une discoth\u00e8que mobile mettra le point final sur la journ\u00e9e.<\/p>\n<p><strong>Autres f\u00eates d&rsquo;int\u00e9r\u00eat<\/strong><\/p>\n<p>Hormis la F\u00eate de Notre-Dame du Mont-Carmel, L&rsquo;Escala accueille bien d&rsquo;autres rendez-vous int\u00e9ressants pendant l&rsquo;\u00e9t\u00e9. Parmi ceux-ci se trouve la f\u00eate patronale du village, c\u00e9l\u00e9br\u00e9e entre fin ao\u00fbt et d\u00e9but septembre avec des \u00e9v\u00e8nements populaires, sans oublier le festival d&rsquo;haban\u00e9ras sur la plage.<\/p>\n<p>D&rsquo;autre part, la <a href=\"https:\/\/canmiquelrestaurant.com\/fr\/blog\/anchois-lescala-ingredient-indispensable\/\"><strong>F\u00eate de l&rsquo;Anchois<\/strong><\/a>\u00a0aura lieu le prochain 7 octobre, y compris la remise de l&rsquo;Anchois d&rsquo;Or \u00e0 une personne ou entit\u00e9 ayant particip\u00e9 \u00e0 la diffusion des anchois de L&rsquo;Escala au long de l&rsquo;ann\u00e9e.<\/p>\n<p>&nbsp;<\/p>\n","protected":false},"excerpt":{"rendered":"<p>L&rsquo;Escala est un village qui d\u00e9borde de vie toute l&rsquo;ann\u00e9e, et les quelques 600 activit\u00e9s programm\u00e9es tous les ans, certaines desquelles sont issues d&rsquo;une longue tradition, en sont la preuve. Une des plus traditionnelles parmi celles-ci est la F\u00eate du Mont-Carmel. Elle a lieu le 16 juillet, et elle inclut des \u00e9v\u00e8nements tels que la&hellip;<\/p>\n","protected":false},"author":4,"featured_media":37309,"comment_status":"closed","ping_status":"closed","sticky":false,"template":"","format":"standard","meta":{"_acf_changed":false},"categories":[180],"tags":[241,233,232],"class_list":["post-37314","post","type-post","status-publish","format-standard","has-post-thumbnail","hentry","category-non-classifiee","tag-anchois-de-lescala","tag-plages","tag-visiter-lescala","category-180","description-off"],"acf":[],"yoast_head":"<!-- This site is optimized with the Yoast SEO plugin v27.1.1 - https:\/\/yoast.com\/product\/yoast-seo-wordpress\/ -->\n<title>67\u00e8me F\u00eate de Notre-Dame du Mont-Carmel - Can Miquel<\/title>\n<meta name=\"description\" content=\"L&#039;Escala est un village qui d\u00e9borde de vie, et les quelques 600 activit\u00e9s programm\u00e9es. Une des plus traditionnelles est la F\u00eate du Mont-Carmel.\" \/>\n<meta name=\"robots\" content=\"index, follow, max-snippet:-1, max-image-preview:large, max-video-preview:-1\" \/>\n<link rel=\"canonical\" href=\"https:\/\/canmiquelrestaurant.com\/fr\/blog\/67eme-fete-notre-dame-du-mont-carmel\/\" \/>\n<meta property=\"og:locale\" content=\"fr_FR\" \/>\n<meta property=\"og:type\" content=\"article\" \/>\n<meta property=\"og:title\" content=\"67\u00e8me F\u00eate de Notre-Dame du Mont-Carmel - Can Miquel\" \/>\n<meta property=\"og:description\" content=\"L&#039;Escala est un village qui d\u00e9borde de vie, et les quelques 600 activit\u00e9s programm\u00e9es. Une des plus traditionnelles est la F\u00eate du Mont-Carmel.\" \/>\n<meta property=\"og:url\" content=\"https:\/\/canmiquelrestaurant.com\/fr\/blog\/67eme-fete-notre-dame-du-mont-carmel\/\" \/>\n<meta property=\"og:site_name\" content=\"Can Miquel\" \/>\n<meta property=\"article:publisher\" content=\"https:\/\/www.facebook.com\/canmiquelrestaurant\/\" \/>\n<meta property=\"article:published_time\" content=\"2018-07-09T22:15:09+00:00\" \/>\n<meta property=\"og:image\" content=\"https:\/\/canmiquelrestaurant.com\/wp-content\/uploads\/2018\/07\/festa-del-carme-lescala-visitlescala.jpg\" \/>\n\t<meta property=\"og:image:width\" content=\"586\" \/>\n\t<meta property=\"og:image:height\" content=\"395\" \/>\n\t<meta property=\"og:image:type\" content=\"image\/jpeg\" \/>\n<meta name=\"author\" content=\"Can Miquel\" \/>\n<meta name=\"twitter:card\" content=\"summary_large_image\" \/>\n<meta name=\"twitter:label1\" content=\"\u00c9crit par\" \/>\n\t<meta name=\"twitter:data1\" content=\"Can Miquel\" \/>\n\t<meta name=\"twitter:label2\" content=\"Dur\u00e9e de lecture estim\u00e9e\" \/>\n\t<meta name=\"twitter:data2\" content=\"2 minutes\" \/>\n<script type=\"application\/ld+json\" class=\"yoast-schema-graph\">{\"@context\":\"https:\/\/schema.org\",\"@graph\":[{\"@type\":\"Article\",\"@id\":\"https:\/\/canmiquelrestaurant.com\/fr\/blog\/67eme-fete-notre-dame-du-mont-carmel\/#article\",\"isPartOf\":{\"@id\":\"https:\/\/canmiquelrestaurant.com\/fr\/blog\/67eme-fete-notre-dame-du-mont-carmel\/\"},\"author\":{\"name\":\"Can Miquel\",\"@id\":\"https:\/\/canmiquelrestaurant.com\/fr\/#\/schema\/person\/1d63bdd786501107b092392bafcabc12\"},\"headline\":\"67\u00e8me F\u00eate de Notre-Dame du Mont-Carmel\",\"datePublished\":\"2018-07-09T22:15:09+00:00\",\"mainEntityOfPage\":{\"@id\":\"https:\/\/canmiquelrestaurant.com\/fr\/blog\/67eme-fete-notre-dame-du-mont-carmel\/\"},\"wordCount\":389,\"image\":{\"@id\":\"https:\/\/canmiquelrestaurant.com\/fr\/blog\/67eme-fete-notre-dame-du-mont-carmel\/#primaryimage\"},\"thumbnailUrl\":\"https:\/\/canmiquelrestaurant.com\/wp-content\/uploads\/2018\/07\/festa-del-carme-lescala-visitlescala.jpg\",\"keywords\":[\"anchois de L'Escala\",\"plages\",\"visiter L'Escala\"],\"articleSection\":[\"Non classifi\u00e9(e)\"],\"inLanguage\":\"fr-FR\"},{\"@type\":\"WebPage\",\"@id\":\"https:\/\/canmiquelrestaurant.com\/fr\/blog\/67eme-fete-notre-dame-du-mont-carmel\/\",\"url\":\"https:\/\/canmiquelrestaurant.com\/fr\/blog\/67eme-fete-notre-dame-du-mont-carmel\/\",\"name\":\"67\u00e8me F\u00eate de Notre-Dame du Mont-Carmel - Can Miquel\",\"isPartOf\":{\"@id\":\"https:\/\/canmiquelrestaurant.com\/fr\/#website\"},\"primaryImageOfPage\":{\"@id\":\"https:\/\/canmiquelrestaurant.com\/fr\/blog\/67eme-fete-notre-dame-du-mont-carmel\/#primaryimage\"},\"image\":{\"@id\":\"https:\/\/canmiquelrestaurant.com\/fr\/blog\/67eme-fete-notre-dame-du-mont-carmel\/#primaryimage\"},\"thumbnailUrl\":\"https:\/\/canmiquelrestaurant.com\/wp-content\/uploads\/2018\/07\/festa-del-carme-lescala-visitlescala.jpg\",\"datePublished\":\"2018-07-09T22:15:09+00:00\",\"author\":{\"@id\":\"https:\/\/canmiquelrestaurant.com\/fr\/#\/schema\/person\/1d63bdd786501107b092392bafcabc12\"},\"description\":\"L'Escala est un village qui d\u00e9borde de vie, et les quelques 600 activit\u00e9s programm\u00e9es. Une des plus traditionnelles est la F\u00eate du Mont-Carmel.\",\"breadcrumb\":{\"@id\":\"https:\/\/canmiquelrestaurant.com\/fr\/blog\/67eme-fete-notre-dame-du-mont-carmel\/#breadcrumb\"},\"inLanguage\":\"fr-FR\",\"potentialAction\":[{\"@type\":\"ReadAction\",\"target\":[\"https:\/\/canmiquelrestaurant.com\/fr\/blog\/67eme-fete-notre-dame-du-mont-carmel\/\"]}]},{\"@type\":\"ImageObject\",\"inLanguage\":\"fr-FR\",\"@id\":\"https:\/\/canmiquelrestaurant.com\/fr\/blog\/67eme-fete-notre-dame-du-mont-carmel\/#primaryimage\",\"url\":\"https:\/\/canmiquelrestaurant.com\/wp-content\/uploads\/2018\/07\/festa-del-carme-lescala-visitlescala.jpg\",\"contentUrl\":\"https:\/\/canmiquelrestaurant.com\/wp-content\/uploads\/2018\/07\/festa-del-carme-lescala-visitlescala.jpg\",\"width\":586,\"height\":395},{\"@type\":\"BreadcrumbList\",\"@id\":\"https:\/\/canmiquelrestaurant.com\/fr\/blog\/67eme-fete-notre-dame-du-mont-carmel\/#breadcrumb\",\"itemListElement\":[{\"@type\":\"ListItem\",\"position\":1,\"name\":\"Portada\",\"item\":\"https:\/\/canmiquelrestaurant.com\/fr\/\"},{\"@type\":\"ListItem\",\"position\":2,\"name\":\"67\u00e8me F\u00eate de Notre-Dame du Mont-Carmel\"}]},{\"@type\":\"WebSite\",\"@id\":\"https:\/\/canmiquelrestaurant.com\/fr\/#website\",\"url\":\"https:\/\/canmiquelrestaurant.com\/fr\/\",\"name\":\"Can Miquel\",\"description\":\"El restaurant Can Miquel \u00e9s un petit oasi a la Cala Montg\u00f3\",\"potentialAction\":[{\"@type\":\"SearchAction\",\"target\":{\"@type\":\"EntryPoint\",\"urlTemplate\":\"https:\/\/canmiquelrestaurant.com\/fr\/?s={search_term_string}\"},\"query-input\":{\"@type\":\"PropertyValueSpecification\",\"valueRequired\":true,\"valueName\":\"search_term_string\"}}],\"inLanguage\":\"fr-FR\"},{\"@type\":\"Person\",\"@id\":\"https:\/\/canmiquelrestaurant.com\/fr\/#\/schema\/person\/1d63bdd786501107b092392bafcabc12\",\"name\":\"Can Miquel\"}]}<\/script>\n<!-- \/ Yoast SEO plugin. -->","yoast_head_json":{"title":"67\u00e8me F\u00eate de Notre-Dame du Mont-Carmel - Can Miquel","description":"L'Escala est un village qui d\u00e9borde de vie, et les quelques 600 activit\u00e9s programm\u00e9es. Une des plus traditionnelles est la F\u00eate du Mont-Carmel.","robots":{"index":"index","follow":"follow","max-snippet":"max-snippet:-1","max-image-preview":"max-image-preview:large","max-video-preview":"max-video-preview:-1"},"canonical":"https:\/\/canmiquelrestaurant.com\/fr\/blog\/67eme-fete-notre-dame-du-mont-carmel\/","og_locale":"fr_FR","og_type":"article","og_title":"67\u00e8me F\u00eate de Notre-Dame du Mont-Carmel - Can Miquel","og_description":"L'Escala est un village qui d\u00e9borde de vie, et les quelques 600 activit\u00e9s programm\u00e9es. Une des plus traditionnelles est la F\u00eate du Mont-Carmel.","og_url":"https:\/\/canmiquelrestaurant.com\/fr\/blog\/67eme-fete-notre-dame-du-mont-carmel\/","og_site_name":"Can Miquel","article_publisher":"https:\/\/www.facebook.com\/canmiquelrestaurant\/","article_published_time":"2018-07-09T22:15:09+00:00","og_image":[{"width":586,"height":395,"url":"https:\/\/canmiquelrestaurant.com\/wp-content\/uploads\/2018\/07\/festa-del-carme-lescala-visitlescala.jpg","type":"image\/jpeg"}],"author":"Can Miquel","twitter_card":"summary_large_image","twitter_misc":{"\u00c9crit par":"Can Miquel","Dur\u00e9e de lecture estim\u00e9e":"2 minutes"},"schema":{"@context":"https:\/\/schema.org","@graph":[{"@type":"Article","@id":"https:\/\/canmiquelrestaurant.com\/fr\/blog\/67eme-fete-notre-dame-du-mont-carmel\/#article","isPartOf":{"@id":"https:\/\/canmiquelrestaurant.com\/fr\/blog\/67eme-fete-notre-dame-du-mont-carmel\/"},"author":{"name":"Can Miquel","@id":"https:\/\/canmiquelrestaurant.com\/fr\/#\/schema\/person\/1d63bdd786501107b092392bafcabc12"},"headline":"67\u00e8me F\u00eate de Notre-Dame du Mont-Carmel","datePublished":"2018-07-09T22:15:09+00:00","mainEntityOfPage":{"@id":"https:\/\/canmiquelrestaurant.com\/fr\/blog\/67eme-fete-notre-dame-du-mont-carmel\/"},"wordCount":389,"image":{"@id":"https:\/\/canmiquelrestaurant.com\/fr\/blog\/67eme-fete-notre-dame-du-mont-carmel\/#primaryimage"},"thumbnailUrl":"https:\/\/canmiquelrestaurant.com\/wp-content\/uploads\/2018\/07\/festa-del-carme-lescala-visitlescala.jpg","keywords":["anchois de L'Escala","plages","visiter L'Escala"],"articleSection":["Non classifi\u00e9(e)"],"inLanguage":"fr-FR"},{"@type":"WebPage","@id":"https:\/\/canmiquelrestaurant.com\/fr\/blog\/67eme-fete-notre-dame-du-mont-carmel\/","url":"https:\/\/canmiquelrestaurant.com\/fr\/blog\/67eme-fete-notre-dame-du-mont-carmel\/","name":"67\u00e8me F\u00eate de Notre-Dame du Mont-Carmel - Can Miquel","isPartOf":{"@id":"https:\/\/canmiquelrestaurant.com\/fr\/#website"},"primaryImageOfPage":{"@id":"https:\/\/canmiquelrestaurant.com\/fr\/blog\/67eme-fete-notre-dame-du-mont-carmel\/#primaryimage"},"image":{"@id":"https:\/\/canmiquelrestaurant.com\/fr\/blog\/67eme-fete-notre-dame-du-mont-carmel\/#primaryimage"},"thumbnailUrl":"https:\/\/canmiquelrestaurant.com\/wp-content\/uploads\/2018\/07\/festa-del-carme-lescala-visitlescala.jpg","datePublished":"2018-07-09T22:15:09+00:00","author":{"@id":"https:\/\/canmiquelrestaurant.com\/fr\/#\/schema\/person\/1d63bdd786501107b092392bafcabc12"},"description":"L'Escala est un village qui d\u00e9borde de vie, et les quelques 600 activit\u00e9s programm\u00e9es. Une des plus traditionnelles est la F\u00eate du Mont-Carmel.","breadcrumb":{"@id":"https:\/\/canmiquelrestaurant.com\/fr\/blog\/67eme-fete-notre-dame-du-mont-carmel\/#breadcrumb"},"inLanguage":"fr-FR","potentialAction":[{"@type":"ReadAction","target":["https:\/\/canmiquelrestaurant.com\/fr\/blog\/67eme-fete-notre-dame-du-mont-carmel\/"]}]},{"@type":"ImageObject","inLanguage":"fr-FR","@id":"https:\/\/canmiquelrestaurant.com\/fr\/blog\/67eme-fete-notre-dame-du-mont-carmel\/#primaryimage","url":"https:\/\/canmiquelrestaurant.com\/wp-content\/uploads\/2018\/07\/festa-del-carme-lescala-visitlescala.jpg","contentUrl":"https:\/\/canmiquelrestaurant.com\/wp-content\/uploads\/2018\/07\/festa-del-carme-lescala-visitlescala.jpg","width":586,"height":395},{"@type":"BreadcrumbList","@id":"https:\/\/canmiquelrestaurant.com\/fr\/blog\/67eme-fete-notre-dame-du-mont-carmel\/#breadcrumb","itemListElement":[{"@type":"ListItem","position":1,"name":"Portada","item":"https:\/\/canmiquelrestaurant.com\/fr\/"},{"@type":"ListItem","position":2,"name":"67\u00e8me F\u00eate de Notre-Dame du Mont-Carmel"}]},{"@type":"WebSite","@id":"https:\/\/canmiquelrestaurant.com\/fr\/#website","url":"https:\/\/canmiquelrestaurant.com\/fr\/","name":"Can Miquel","description":"El restaurant Can Miquel \u00e9s un petit oasi a la Cala Montg\u00f3","potentialAction":[{"@type":"SearchAction","target":{"@type":"EntryPoint","urlTemplate":"https:\/\/canmiquelrestaurant.com\/fr\/?s={search_term_string}"},"query-input":{"@type":"PropertyValueSpecification","valueRequired":true,"valueName":"search_term_string"}}],"inLanguage":"fr-FR"},{"@type":"Person","@id":"https:\/\/canmiquelrestaurant.com\/fr\/#\/schema\/person\/1d63bdd786501107b092392bafcabc12","name":"Can Miquel"}]}},"_links":{"self":[{"href":"https:\/\/canmiquelrestaurant.com\/fr\/wp-json\/wp\/v2\/posts\/37314","targetHints":{"allow":["GET"]}}],"collection":[{"href":"https:\/\/canmiquelrestaurant.com\/fr\/wp-json\/wp\/v2\/posts"}],"about":[{"href":"https:\/\/canmiquelrestaurant.com\/fr\/wp-json\/wp\/v2\/types\/post"}],"author":[{"embeddable":true,"href":"https:\/\/canmiquelrestaurant.com\/fr\/wp-json\/wp\/v2\/users\/4"}],"replies":[{"embeddable":true,"href":"https:\/\/canmiquelrestaurant.com\/fr\/wp-json\/wp\/v2\/comments?post=37314"}],"version-history":[{"count":0,"href":"https:\/\/canmiquelrestaurant.com\/fr\/wp-json\/wp\/v2\/posts\/37314\/revisions"}],"wp:featuredmedia":[{"embeddable":true,"href":"https:\/\/canmiquelrestaurant.com\/fr\/wp-json\/wp\/v2\/media\/37309"}],"wp:attachment":[{"href":"https:\/\/canmiquelrestaurant.com\/fr\/wp-json\/wp\/v2\/media?parent=37314"}],"wp:term":[{"taxonomy":"category","embeddable":true,"href":"https:\/\/canmiquelrestaurant.com\/fr\/wp-json\/wp\/v2\/categories?post=37314"},{"taxonomy":"post_tag","embeddable":true,"href":"https:\/\/canmiquelrestaurant.com\/fr\/wp-json\/wp\/v2\/tags?post=37314"}],"curies":[{"name":"wp","href":"https:\/\/api.w.org\/{rel}","templated":true}]}}