{"id":36266,"date":"2016-07-22T11:16:19","date_gmt":"2016-07-22T11:16:19","guid":{"rendered":"http:\/\/canmiquelrestaurant.com\/fr\/?p=36266"},"modified":"2016-07-22T11:16:19","modified_gmt":"2016-07-22T11:16:19","slug":"dimange-plage-et-riz","status":"publish","type":"post","link":"https:\/\/canmiquelrestaurant.com\/fr\/blog\/dimange-plage-et-riz\/","title":{"rendered":"Dimange de plage et riz"},"content":{"rendered":"<p>Le matin et la mer sont une tradition familiale ancr\u00e9e dans l&rsquo;est catalan. Profitez d&rsquo;un dimanche d&rsquo;\u00e9t\u00e9 entour\u00e9 de sa famille pr\u00e8s de la mer est indispensable. En \u00e9t\u00e9, nous allons le long et le bruit de la mer nous attire comme un chant des sir\u00e8nes en question.<\/p>\n<p>Le restaurant est situ\u00e9 \u00e0 Cala Montg\u00f3. Cette baie est l&rsquo;un des plus reconnus et appr\u00e9ci\u00e9s sur la Costa Brava. Situ\u00e9 entre les villes de L&rsquo;Escala et Torroella, dans la province de Girona.<\/p>\n<p>Passez un dimanche matin agr\u00e9able, entour\u00e9 de sa famille et des amis est un excellent plan, mais la cerise sur une journ\u00e9e qui laissent leur marque, ravir vos sens avec notre riz.<\/p>\n<p>Le restaurant est situ\u00e9 sur la frange de la mer M\u00e9diterran\u00e9e, vous pouvez profiter du riz pr\u00e9par\u00e9 avec des produits de qualit\u00e9, les Catalans, puisque tous nos plats sont faits avec des produits locaux.<\/p>\n<p>Nos plats de cuisson faits o\u00f9 le produit est la star. Cuisine du march\u00e9, le catalan, o\u00f9 les ar\u00f4mes, les saveurs, les couleurs et les textures tournent autour de l&rsquo;\u00e9l\u00e9ment principal du produit.<\/p>\n<p>Ainsi, apr\u00e8s une matin\u00e9e compl\u00e8te et passionnante sur la plage, vous pourrez d\u00e9guster de d\u00e9licieux plats de riz pr\u00e9par\u00e9s par notre chef exp\u00e9riment\u00e9.<\/p>\n<p>Casseroles, fideuada, riz pot avec du homard, des crevettes et palourdes riz sec, la morue de riz riz casserole viande de fermier sec, \u00e9crevisses cannelloni, sauce b\u00e9chamel sont quelques-uns des plats qui se partageront un dimanche soleil et plage. Le riz, qui gardent l&rsquo;essence, la saveur et tradition Catalans.<\/p>\n<p>Venez \u00e0 Cala Montg\u00f3 et \u00eatre caress\u00e9 par les rayons du soleil de la M\u00e9diterran\u00e9e, plongez dans les eaux de la Costa Brava et de tomber en amour avec leur point de vue. Rendez-vous \u00e0 Can Miquel, ce qui rend leur meilleur riz et une cuisine traditionnelle catalane de sorte que jouit de la meilleure compagnie.<\/p>\n","protected":false},"excerpt":{"rendered":"<p>Le matin et la mer sont une tradition familiale ancr\u00e9e dans l&rsquo;est catalan. Profitez d&rsquo;un dimanche d&rsquo;\u00e9t\u00e9 entour\u00e9 de sa famille pr\u00e8s de la mer est indispensable. En \u00e9t\u00e9, nous allons le long et le bruit de la mer nous attire comme un chant des sir\u00e8nes en question. Le restaurant est situ\u00e9 \u00e0 Cala Montg\u00f3.&hellip;<\/p>\n","protected":false},"author":1,"featured_media":36180,"comment_status":"closed","ping_status":"closed","sticky":false,"template":"","format":"standard","meta":{"_acf_changed":false},"categories":[],"tags":[],"class_list":["post-36266","post","type-post","status-publish","format-standard","has-post-thumbnail","hentry","description-off"],"acf":[],"yoast_head":"<!-- This site is optimized with the Yoast SEO plugin v27.1.1 - https:\/\/yoast.com\/product\/yoast-seo-wordpress\/ -->\n<title>Dimange de plage et riz - Can Miquel<\/title>\n<meta name=\"robots\" content=\"index, follow, max-snippet:-1, max-image-preview:large, max-video-preview:-1\" \/>\n<link rel=\"canonical\" href=\"https:\/\/canmiquelrestaurant.com\/fr\/blog\/dimange-plage-et-riz\/\" \/>\n<meta property=\"og:locale\" content=\"fr_FR\" \/>\n<meta property=\"og:type\" content=\"article\" \/>\n<meta property=\"og:title\" content=\"Dimange de plage et riz - Can Miquel\" \/>\n<meta property=\"og:description\" content=\"Le matin et la mer sont une tradition familiale ancr\u00e9e dans l&rsquo;est catalan. Profitez d&rsquo;un dimanche d&rsquo;\u00e9t\u00e9 entour\u00e9 de sa famille pr\u00e8s de la mer est indispensable. En \u00e9t\u00e9, nous allons le long et le bruit de la mer nous attire comme un chant des sir\u00e8nes en question. Le restaurant est situ\u00e9 \u00e0 Cala Montg\u00f3.&hellip;\" \/>\n<meta property=\"og:url\" content=\"https:\/\/canmiquelrestaurant.com\/fr\/blog\/dimange-plage-et-riz\/\" \/>\n<meta property=\"og:site_name\" content=\"Can Miquel\" \/>\n<meta property=\"article:publisher\" content=\"https:\/\/www.facebook.com\/canmiquelrestaurant\/\" \/>\n<meta property=\"article:published_time\" content=\"2016-07-22T11:16:19+00:00\" \/>\n<meta property=\"og:image\" content=\"https:\/\/canmiquelrestaurant.com\/wp-content\/uploads\/2016\/07\/post-platja-arrossos.jpg\" \/>\n\t<meta property=\"og:image:width\" content=\"1024\" \/>\n\t<meta property=\"og:image:height\" content=\"683\" \/>\n\t<meta property=\"og:image:type\" content=\"image\/jpeg\" \/>\n<meta name=\"author\" content=\"Can Miquel Restaurant\" \/>\n<meta name=\"twitter:card\" content=\"summary_large_image\" \/>\n<meta name=\"twitter:label1\" content=\"\u00c9crit par\" \/>\n\t<meta name=\"twitter:data1\" content=\"Can Miquel Restaurant\" \/>\n\t<meta name=\"twitter:label2\" content=\"Dur\u00e9e de lecture estim\u00e9e\" \/>\n\t<meta name=\"twitter:data2\" content=\"2 minutes\" \/>\n<script type=\"application\/ld+json\" class=\"yoast-schema-graph\">{\"@context\":\"https:\/\/schema.org\",\"@graph\":[{\"@type\":\"Article\",\"@id\":\"https:\/\/canmiquelrestaurant.com\/fr\/blog\/dimange-plage-et-riz\/#article\",\"isPartOf\":{\"@id\":\"https:\/\/canmiquelrestaurant.com\/fr\/blog\/dimange-plage-et-riz\/\"},\"author\":{\"name\":\"Can Miquel Restaurant\",\"@id\":\"https:\/\/canmiquelrestaurant.com\/fr\/#\/schema\/person\/c97d9be129f5e19407bffd5e7df9d560\"},\"headline\":\"Dimange de plage et riz\",\"datePublished\":\"2016-07-22T11:16:19+00:00\",\"mainEntityOfPage\":{\"@id\":\"https:\/\/canmiquelrestaurant.com\/fr\/blog\/dimange-plage-et-riz\/\"},\"wordCount\":340,\"image\":{\"@id\":\"https:\/\/canmiquelrestaurant.com\/fr\/blog\/dimange-plage-et-riz\/#primaryimage\"},\"thumbnailUrl\":\"https:\/\/canmiquelrestaurant.com\/wp-content\/uploads\/2016\/07\/post-platja-arrossos.jpg\",\"inLanguage\":\"fr-FR\"},{\"@type\":\"WebPage\",\"@id\":\"https:\/\/canmiquelrestaurant.com\/fr\/blog\/dimange-plage-et-riz\/\",\"url\":\"https:\/\/canmiquelrestaurant.com\/fr\/blog\/dimange-plage-et-riz\/\",\"name\":\"Dimange de plage et riz - Can Miquel\",\"isPartOf\":{\"@id\":\"https:\/\/canmiquelrestaurant.com\/fr\/#website\"},\"primaryImageOfPage\":{\"@id\":\"https:\/\/canmiquelrestaurant.com\/fr\/blog\/dimange-plage-et-riz\/#primaryimage\"},\"image\":{\"@id\":\"https:\/\/canmiquelrestaurant.com\/fr\/blog\/dimange-plage-et-riz\/#primaryimage\"},\"thumbnailUrl\":\"https:\/\/canmiquelrestaurant.com\/wp-content\/uploads\/2016\/07\/post-platja-arrossos.jpg\",\"datePublished\":\"2016-07-22T11:16:19+00:00\",\"author\":{\"@id\":\"https:\/\/canmiquelrestaurant.com\/fr\/#\/schema\/person\/c97d9be129f5e19407bffd5e7df9d560\"},\"breadcrumb\":{\"@id\":\"https:\/\/canmiquelrestaurant.com\/fr\/blog\/dimange-plage-et-riz\/#breadcrumb\"},\"inLanguage\":\"fr-FR\",\"potentialAction\":[{\"@type\":\"ReadAction\",\"target\":[\"https:\/\/canmiquelrestaurant.com\/fr\/blog\/dimange-plage-et-riz\/\"]}]},{\"@type\":\"ImageObject\",\"inLanguage\":\"fr-FR\",\"@id\":\"https:\/\/canmiquelrestaurant.com\/fr\/blog\/dimange-plage-et-riz\/#primaryimage\",\"url\":\"https:\/\/canmiquelrestaurant.com\/wp-content\/uploads\/2016\/07\/post-platja-arrossos.jpg\",\"contentUrl\":\"https:\/\/canmiquelrestaurant.com\/wp-content\/uploads\/2016\/07\/post-platja-arrossos.jpg\",\"width\":1024,\"height\":683,\"caption\":\"Platja arrossos - Can Miquel\"},{\"@type\":\"BreadcrumbList\",\"@id\":\"https:\/\/canmiquelrestaurant.com\/fr\/blog\/dimange-plage-et-riz\/#breadcrumb\",\"itemListElement\":[{\"@type\":\"ListItem\",\"position\":1,\"name\":\"Portada\",\"item\":\"https:\/\/canmiquelrestaurant.com\/fr\/\"},{\"@type\":\"ListItem\",\"position\":2,\"name\":\"Dimange de plage et riz\"}]},{\"@type\":\"WebSite\",\"@id\":\"https:\/\/canmiquelrestaurant.com\/fr\/#website\",\"url\":\"https:\/\/canmiquelrestaurant.com\/fr\/\",\"name\":\"Can Miquel\",\"description\":\"El restaurant Can Miquel \u00e9s un petit oasi a la Cala Montg\u00f3\",\"potentialAction\":[{\"@type\":\"SearchAction\",\"target\":{\"@type\":\"EntryPoint\",\"urlTemplate\":\"https:\/\/canmiquelrestaurant.com\/fr\/?s={search_term_string}\"},\"query-input\":{\"@type\":\"PropertyValueSpecification\",\"valueRequired\":true,\"valueName\":\"search_term_string\"}}],\"inLanguage\":\"fr-FR\"},{\"@type\":\"Person\",\"@id\":\"https:\/\/canmiquelrestaurant.com\/fr\/#\/schema\/person\/c97d9be129f5e19407bffd5e7df9d560\",\"name\":\"Can Miquel Restaurant\"}]}<\/script>\n<!-- \/ Yoast SEO plugin. -->","yoast_head_json":{"title":"Dimange de plage et riz - Can Miquel","robots":{"index":"index","follow":"follow","max-snippet":"max-snippet:-1","max-image-preview":"max-image-preview:large","max-video-preview":"max-video-preview:-1"},"canonical":"https:\/\/canmiquelrestaurant.com\/fr\/blog\/dimange-plage-et-riz\/","og_locale":"fr_FR","og_type":"article","og_title":"Dimange de plage et riz - Can Miquel","og_description":"Le matin et la mer sont une tradition familiale ancr\u00e9e dans l&rsquo;est catalan. Profitez d&rsquo;un dimanche d&rsquo;\u00e9t\u00e9 entour\u00e9 de sa famille pr\u00e8s de la mer est indispensable. En \u00e9t\u00e9, nous allons le long et le bruit de la mer nous attire comme un chant des sir\u00e8nes en question. Le restaurant est situ\u00e9 \u00e0 Cala Montg\u00f3.&hellip;","og_url":"https:\/\/canmiquelrestaurant.com\/fr\/blog\/dimange-plage-et-riz\/","og_site_name":"Can Miquel","article_publisher":"https:\/\/www.facebook.com\/canmiquelrestaurant\/","article_published_time":"2016-07-22T11:16:19+00:00","og_image":[{"width":1024,"height":683,"url":"https:\/\/canmiquelrestaurant.com\/wp-content\/uploads\/2016\/07\/post-platja-arrossos.jpg","type":"image\/jpeg"}],"author":"Can Miquel Restaurant","twitter_card":"summary_large_image","twitter_misc":{"\u00c9crit par":"Can Miquel Restaurant","Dur\u00e9e de lecture estim\u00e9e":"2 minutes"},"schema":{"@context":"https:\/\/schema.org","@graph":[{"@type":"Article","@id":"https:\/\/canmiquelrestaurant.com\/fr\/blog\/dimange-plage-et-riz\/#article","isPartOf":{"@id":"https:\/\/canmiquelrestaurant.com\/fr\/blog\/dimange-plage-et-riz\/"},"author":{"name":"Can Miquel Restaurant","@id":"https:\/\/canmiquelrestaurant.com\/fr\/#\/schema\/person\/c97d9be129f5e19407bffd5e7df9d560"},"headline":"Dimange de plage et riz","datePublished":"2016-07-22T11:16:19+00:00","mainEntityOfPage":{"@id":"https:\/\/canmiquelrestaurant.com\/fr\/blog\/dimange-plage-et-riz\/"},"wordCount":340,"image":{"@id":"https:\/\/canmiquelrestaurant.com\/fr\/blog\/dimange-plage-et-riz\/#primaryimage"},"thumbnailUrl":"https:\/\/canmiquelrestaurant.com\/wp-content\/uploads\/2016\/07\/post-platja-arrossos.jpg","inLanguage":"fr-FR"},{"@type":"WebPage","@id":"https:\/\/canmiquelrestaurant.com\/fr\/blog\/dimange-plage-et-riz\/","url":"https:\/\/canmiquelrestaurant.com\/fr\/blog\/dimange-plage-et-riz\/","name":"Dimange de plage et riz - Can Miquel","isPartOf":{"@id":"https:\/\/canmiquelrestaurant.com\/fr\/#website"},"primaryImageOfPage":{"@id":"https:\/\/canmiquelrestaurant.com\/fr\/blog\/dimange-plage-et-riz\/#primaryimage"},"image":{"@id":"https:\/\/canmiquelrestaurant.com\/fr\/blog\/dimange-plage-et-riz\/#primaryimage"},"thumbnailUrl":"https:\/\/canmiquelrestaurant.com\/wp-content\/uploads\/2016\/07\/post-platja-arrossos.jpg","datePublished":"2016-07-22T11:16:19+00:00","author":{"@id":"https:\/\/canmiquelrestaurant.com\/fr\/#\/schema\/person\/c97d9be129f5e19407bffd5e7df9d560"},"breadcrumb":{"@id":"https:\/\/canmiquelrestaurant.com\/fr\/blog\/dimange-plage-et-riz\/#breadcrumb"},"inLanguage":"fr-FR","potentialAction":[{"@type":"ReadAction","target":["https:\/\/canmiquelrestaurant.com\/fr\/blog\/dimange-plage-et-riz\/"]}]},{"@type":"ImageObject","inLanguage":"fr-FR","@id":"https:\/\/canmiquelrestaurant.com\/fr\/blog\/dimange-plage-et-riz\/#primaryimage","url":"https:\/\/canmiquelrestaurant.com\/wp-content\/uploads\/2016\/07\/post-platja-arrossos.jpg","contentUrl":"https:\/\/canmiquelrestaurant.com\/wp-content\/uploads\/2016\/07\/post-platja-arrossos.jpg","width":1024,"height":683,"caption":"Platja arrossos - Can Miquel"},{"@type":"BreadcrumbList","@id":"https:\/\/canmiquelrestaurant.com\/fr\/blog\/dimange-plage-et-riz\/#breadcrumb","itemListElement":[{"@type":"ListItem","position":1,"name":"Portada","item":"https:\/\/canmiquelrestaurant.com\/fr\/"},{"@type":"ListItem","position":2,"name":"Dimange de plage et riz"}]},{"@type":"WebSite","@id":"https:\/\/canmiquelrestaurant.com\/fr\/#website","url":"https:\/\/canmiquelrestaurant.com\/fr\/","name":"Can Miquel","description":"El restaurant Can Miquel \u00e9s un petit oasi a la Cala Montg\u00f3","potentialAction":[{"@type":"SearchAction","target":{"@type":"EntryPoint","urlTemplate":"https:\/\/canmiquelrestaurant.com\/fr\/?s={search_term_string}"},"query-input":{"@type":"PropertyValueSpecification","valueRequired":true,"valueName":"search_term_string"}}],"inLanguage":"fr-FR"},{"@type":"Person","@id":"https:\/\/canmiquelrestaurant.com\/fr\/#\/schema\/person\/c97d9be129f5e19407bffd5e7df9d560","name":"Can Miquel Restaurant"}]}},"_links":{"self":[{"href":"https:\/\/canmiquelrestaurant.com\/fr\/wp-json\/wp\/v2\/posts\/36266","targetHints":{"allow":["GET"]}}],"collection":[{"href":"https:\/\/canmiquelrestaurant.com\/fr\/wp-json\/wp\/v2\/posts"}],"about":[{"href":"https:\/\/canmiquelrestaurant.com\/fr\/wp-json\/wp\/v2\/types\/post"}],"author":[{"embeddable":true,"href":"https:\/\/canmiquelrestaurant.com\/fr\/wp-json\/wp\/v2\/users\/1"}],"replies":[{"embeddable":true,"href":"https:\/\/canmiquelrestaurant.com\/fr\/wp-json\/wp\/v2\/comments?post=36266"}],"version-history":[{"count":0,"href":"https:\/\/canmiquelrestaurant.com\/fr\/wp-json\/wp\/v2\/posts\/36266\/revisions"}],"wp:featuredmedia":[{"embeddable":true,"href":"https:\/\/canmiquelrestaurant.com\/fr\/wp-json\/wp\/v2\/media\/36180"}],"wp:attachment":[{"href":"https:\/\/canmiquelrestaurant.com\/fr\/wp-json\/wp\/v2\/media?parent=36266"}],"wp:term":[{"taxonomy":"category","embeddable":true,"href":"https:\/\/canmiquelrestaurant.com\/fr\/wp-json\/wp\/v2\/categories?post=36266"},{"taxonomy":"post_tag","embeddable":true,"href":"https:\/\/canmiquelrestaurant.com\/fr\/wp-json\/wp\/v2\/tags?post=36266"}],"curies":[{"name":"wp","href":"https:\/\/api.w.org\/{rel}","templated":true}]}}